{"id":423,"date":"2018-05-29T01:55:33","date_gmt":"2018-05-29T04:55:33","guid":{"rendered":"http:\/\/www.senhoresviajantes.com.br\/?p=423"},"modified":"2018-10-17T11:41:09","modified_gmt":"2018-10-17T14:41:09","slug":"dano-moral-atraso-de-voo-recurso-provido","status":"publish","type":"post","link":"https:\/\/www.senhoresviajantes.com.br\/index.php\/dano-moral-atraso-de-voo-recurso-provido\/","title":{"rendered":"TAM tem recurso negado em processo"},"content":{"rendered":"<p>A r\u00e9, agora na posi\u00e7\u00e3o de apelante, ingressou com um recurso de apela\u00e7\u00e3o para reverter o valor cobrado na a\u00e7\u00e3o de indeniza\u00e7\u00e3o por danos morais, porem o recurso foi negado e a condena\u00e7\u00e3o mantida.<\/p>\n<p>&nbsp;<\/p>\n<div id=\"attachment_429\" style=\"width: 310px\" class=\"wp-caption alignleft\"><img aria-describedby=\"caption-attachment-429\" loading=\"lazy\" class=\"size-medium wp-image-429\" src=\"https:\/\/www.senhoresviajantes.com.br\/principal\/wp-content\/uploads\/2018\/05\/iStock-689202178-300x300.jpg\" alt=\"Viagem de avi\u00e3o\" width=\"300\" height=\"300\" srcset=\"https:\/\/www.senhoresviajantes.com.br\/principal\/wp-content\/uploads\/2018\/05\/iStock-689202178-300x300.jpg 300w, https:\/\/www.senhoresviajantes.com.br\/principal\/wp-content\/uploads\/2018\/05\/iStock-689202178-80x80.jpg 80w, https:\/\/www.senhoresviajantes.com.br\/principal\/wp-content\/uploads\/2018\/05\/iStock-689202178-768x768.jpg 768w, https:\/\/www.senhoresviajantes.com.br\/principal\/wp-content\/uploads\/2018\/05\/iStock-689202178-36x36.jpg 36w, https:\/\/www.senhoresviajantes.com.br\/principal\/wp-content\/uploads\/2018\/05\/iStock-689202178-180x180.jpg 180w, https:\/\/www.senhoresviajantes.com.br\/principal\/wp-content\/uploads\/2018\/05\/iStock-689202178-705x705.jpg 705w, https:\/\/www.senhoresviajantes.com.br\/principal\/wp-content\/uploads\/2018\/05\/iStock-689202178-120x120.jpg 120w, https:\/\/www.senhoresviajantes.com.br\/principal\/wp-content\/uploads\/2018\/05\/iStock-689202178-450x450.jpg 450w, https:\/\/www.senhoresviajantes.com.br\/principal\/wp-content\/uploads\/2018\/05\/iStock-689202178-50x50.jpg 50w, https:\/\/www.senhoresviajantes.com.br\/principal\/wp-content\/uploads\/2018\/05\/iStock-689202178.jpg 1024w\" sizes=\"(max-width: 300px) 100vw, 300px\" \/><p id=\"caption-attachment-429\" class=\"wp-caption-text\">Cr\u00e9ditos: blauananas\/istock.<\/p><\/div>\n<p>A r\u00e9 (TAM Linhas A\u00e9reas S.A) entrou com um recurso de apela\u00e7\u00e3o\u00a0 contra senten\u00e7a proferida a favor do autor (Rafael Victor dos Santos Souza) da a\u00e7\u00e3o de indeniza\u00e7\u00e3o por danos morais, a\u00e7\u00e3o esta que foi dada provimento pelo Tribunal de Justi\u00e7a de S\u00e3o Paulo, sendo a r\u00e9 condenada a indenizar o autor em R$ 10000 (dez mil reais)mais o pagamento\u00a0 das custas, despesas processuais e honor\u00e1rios advocat\u00edcios de 10%\u00a0(dez por cento) sobre o valor da condena\u00e7\u00e3o.<\/p>\n<p>A r\u00e9 ingressou com o recurso de apela\u00e7\u00e3o por acreditar que o voo fora cancelado por raz\u00f5es alheias a vontade da companhia, no caso em quest\u00e3o, primeiramente por problemas t\u00e9cnicos e tamb\u00e9m por causa das m\u00e1s condi\u00e7\u00f5es clim\u00e1ticas e que n\u00e3o agiu de forma negligente, prestando inclusive assist\u00eancia para os seus passageiros. Por esses motivos a acusada julgou a condena\u00e7\u00e3o como indevida, e que se caso fosse mantida, que deveria haver uma redu\u00e7\u00e3o do valor da indeniza\u00e7\u00e3o.<\/p>\n<div id=\"attachment_430\" style=\"width: 310px\" class=\"wp-caption alignright\"><img aria-describedby=\"caption-attachment-430\" loading=\"lazy\" class=\"size-medium wp-image-430\" src=\"https:\/\/www.senhoresviajantes.com.br\/principal\/wp-content\/uploads\/2018\/05\/iStock-683316920-300x250.jpg\" alt=\"Atraso de voo\" width=\"300\" height=\"250\" srcset=\"https:\/\/www.senhoresviajantes.com.br\/principal\/wp-content\/uploads\/2018\/05\/iStock-683316920-300x250.jpg 300w, https:\/\/www.senhoresviajantes.com.br\/principal\/wp-content\/uploads\/2018\/05\/iStock-683316920-768x640.jpg 768w, https:\/\/www.senhoresviajantes.com.br\/principal\/wp-content\/uploads\/2018\/05\/iStock-683316920-1030x858.jpg 1030w, https:\/\/www.senhoresviajantes.com.br\/principal\/wp-content\/uploads\/2018\/05\/iStock-683316920-705x588.jpg 705w, https:\/\/www.senhoresviajantes.com.br\/principal\/wp-content\/uploads\/2018\/05\/iStock-683316920-450x375.jpg 450w, https:\/\/www.senhoresviajantes.com.br\/principal\/wp-content\/uploads\/2018\/05\/iStock-683316920.jpg 1122w\" sizes=\"(max-width: 300px) 100vw, 300px\" \/><p id=\"caption-attachment-430\" class=\"wp-caption-text\">Cr\u00e9ditos: PrettyVectors\/istock.<\/p><\/div>\n<p>Entretanto durante a homologa\u00e7\u00e3o das provas a requerida deixou de apresentar um laudo t\u00e9cnico ou provas que confirmassem e comprovassem a exist\u00eancia das falhas mec\u00e2nicas alegadas pela r\u00e9. Que n\u00e3o havendo como comprovar tais problemas, a acusada se utilizou do argumento de que as condi\u00e7\u00f5es clim\u00e1ticas eram ruins no dia do ocorrido,<\/p>\n<p>Ficou comprovado portanto que a companhia a\u00e9rea teve responsabilidade no acontecimento dos fatos e que por isso mesmo o Tribunal de Justi\u00e7a resolveu negar provimento ao recurso da indeniza\u00e7\u00e3o, manter a senten\u00e7a da a\u00e7\u00e3o no valor j\u00e1 fixado anteriormente de R$ 10000 (dez mil reais) e majorou\u00a0\u00a0para 15% (quinze por cento), sobre o valor da condena\u00e7\u00e3o a cobran\u00e7a dos honor\u00e1rios advocat\u00edcios.<\/p>\n<p>&nbsp;<\/p>\n<p>&nbsp;<\/p>\n<p><a href=\"http:\/\/www.senhoresviajantes.com.br\/principal\/wp-content\/uploads\/2018\/05\/20180000246225-Tam-Linhas-Ae?reas-Latam-TJSP-1.pdf\"><strong>Clique aqui para baixar o ac\u00f3rd\u00e3o (inteiro teor).<\/strong><\/a><\/p>\n<p>&nbsp;<\/p>\n<p><strong>Segue abaixo a ementa do caso:<\/strong><\/p>\n<p>&nbsp;<\/p>\n<p><strong>Responsabilidade Civil \u2013 Transporte a\u00e9reo \u2013 Atraso de voo \u2013 Danos morais. A alega\u00e7\u00e3o de que o atraso de voo foi decorr\u00eancia de m\u00e1s condi\u00e7\u00f5es clim\u00e1ticas representa inova\u00e7\u00e3o \u00e0 tese de falha mec\u00e2nica deduzida na contesta\u00e7\u00e3o, circunst\u00e2ncia inadmitida pelo art. 1.014 do CPC\/15. Danos morais. Autor que suportou tr\u00eas remarca\u00e7\u00f5es de voo, somando vinte e sete horas de atraso na chegada ao destino. Dano moral caracterizado, inexistindo raz\u00f5es para altera\u00e7\u00e3o do quantum indenizat\u00f3rio fixado de acordo com as condi\u00e7\u00f5es econ\u00f4micas e sociais das partes, a intensidade do dano, e ainda conson\u00e2ncia aos princ\u00edpios da razoabilidade e proporcionalidade. Honor\u00e1rios advocat\u00edcios majorados para 15% (quinze por cento) sobre o valor da causa, em fun\u00e7\u00e3o do disposto no art. 85, \u00a711, do CPC.<\/strong><\/p>\n<p><strong>(TJSP; Apela\u00e7\u00e3o 1052209-30.2017.8.26.0002; Relator (a): Itamar Gaino; \u00d3rg\u00e3o Julgador: 21\u00aa C\u00e2mara de Direito Privado; Foro Regional II \u2013 Santo Amaro \u2013 7\u00aa Vara C\u00edvel; Data do Julgamento: 09\/04\/2018; Data de Registro: 09\/04\/2018)<\/strong><\/p>\n","protected":false},"excerpt":{"rendered":"<p>A r\u00e9, agora na posi\u00e7\u00e3o de apelante, ingressou com um recurso de apela\u00e7\u00e3o para reverter o valor cobrado na a\u00e7\u00e3o de indeniza\u00e7\u00e3o por danos morais, porem o recurso foi negado e a condena\u00e7\u00e3o mantida. &nbsp; A r\u00e9 (TAM Linhas A\u00e9reas S.A) entrou com um recurso de apela\u00e7\u00e3o\u00a0 contra senten\u00e7a proferida a favor do autor (Rafael [&hellip;]<\/p>\n","protected":false},"author":7,"featured_media":429,"comment_status":"open","ping_status":"open","sticky":false,"template":"","format":"standard","meta":{"_bbp_topic_count":0,"_bbp_reply_count":0,"_bbp_total_topic_count":0,"_bbp_total_reply_count":0,"_bbp_voice_count":0,"_bbp_anonymous_reply_count":0,"_bbp_topic_count_hidden":0,"_bbp_reply_count_hidden":0,"_bbp_forum_subforum_count":0,"_joinchat":[]},"categories":[3,16],"tags":[35,31,7,104,22,102,103,101,56,105,77,18,83,51],"_links":{"self":[{"href":"https:\/\/www.senhoresviajantes.com.br\/index.php\/wp-json\/wp\/v2\/posts\/423"}],"collection":[{"href":"https:\/\/www.senhoresviajantes.com.br\/index.php\/wp-json\/wp\/v2\/posts"}],"about":[{"href":"https:\/\/www.senhoresviajantes.com.br\/index.php\/wp-json\/wp\/v2\/types\/post"}],"author":[{"embeddable":true,"href":"https:\/\/www.senhoresviajantes.com.br\/index.php\/wp-json\/wp\/v2\/users\/7"}],"replies":[{"embeddable":true,"href":"https:\/\/www.senhoresviajantes.com.br\/index.php\/wp-json\/wp\/v2\/comments?post=423"}],"version-history":[{"count":6,"href":"https:\/\/www.senhoresviajantes.com.br\/index.php\/wp-json\/wp\/v2\/posts\/423\/revisions"}],"predecessor-version":[{"id":432,"href":"https:\/\/www.senhoresviajantes.com.br\/index.php\/wp-json\/wp\/v2\/posts\/423\/revisions\/432"}],"wp:featuredmedia":[{"embeddable":true,"href":"https:\/\/www.senhoresviajantes.com.br\/index.php\/wp-json\/wp\/v2\/media\/429"}],"wp:attachment":[{"href":"https:\/\/www.senhoresviajantes.com.br\/index.php\/wp-json\/wp\/v2\/media?parent=423"}],"wp:term":[{"taxonomy":"category","embeddable":true,"href":"https:\/\/www.senhoresviajantes.com.br\/index.php\/wp-json\/wp\/v2\/categories?post=423"},{"taxonomy":"post_tag","embeddable":true,"href":"https:\/\/www.senhoresviajantes.com.br\/index.php\/wp-json\/wp\/v2\/tags?post=423"}],"curies":[{"name":"wp","href":"https:\/\/api.w.org\/{rel}","templated":true}]}}